{"id":4449,"date":"2025-02-16T19:28:15","date_gmt":"2025-02-16T19:28:15","guid":{"rendered":"https:\/\/eucrta.eu\/?p=4449"},"modified":"2025-03-12T11:47:50","modified_gmt":"2025-03-12T11:47:50","slug":"offre-demploi-responsable-plaidoyer","status":"publish","type":"post","link":"https:\/\/eucrta.eu\/fr\/impliquez-vous\/offre-demploi-responsable-plaidoyer\/","title":{"rendered":"Offre d&#8217;emploi: Responsable Plaidoyer"},"content":{"rendered":"<h3>Responsable Plaidoyer<\/h3>\n<p>\ud83d\udccd <strong>Lieu<\/strong> : Bruxelles, Belgique<br \/>\n\ud83d\udcd1 <strong>Type de contrat<\/strong> : Contrat de consultance avec possibilit\u00e9 de titularisation<\/p>\n<h3><strong>Principales responsabilit\u00e9s<\/strong><\/h3>\n<p>\ud83d\udd39 <strong>D\u00e9velopper et mettre en \u0153uvre la strat\u00e9gie de plaidoyer d\u2019EUCRTA<\/strong> \u2013 Concevoir des initiatives cibl\u00e9es pour renforcer la gouvernance d\u00e9mocratique, la transparence et l\u2019int\u00e9gration des Balkans occidentaux dans l\u2019UE.<\/p>\n<p>\ud83d\udd39 <strong>\u00c9tablir et entretenir des relations avec les institutions europ\u00e9ennes et les parties prenantes cl\u00e9s<\/strong> \u2013 Collaborer avec les d\u00e9cideurs de l\u2019UE, les organisations de la soci\u00e9t\u00e9 civile, les think tanks et les m\u00e9dias pour int\u00e9grer les enjeux d\u00e9mocratiques r\u00e9gionaux dans les d\u00e9bats politiques europ\u00e9ens.<\/p>\n<p>\ud83d\udd39 <strong>Repr\u00e9senter EUCRTA \u00e0 Bruxelles<\/strong> \u2013 Intervenir lors de dialogues politiques de haut niveau, d\u2019\u00e9v\u00e9nements publics, de groupes de travail et de discussions strat\u00e9giques sur les politiques d\u00e9mocratiques de la r\u00e9gion.<\/p>\n<p>\ud83d\udd39 <strong>Piloter des projets \u00e0 fort impact<\/strong> \u2013 Diriger des initiatives de plaidoyer visant \u00e0 renforcer le r\u00f4le des acteurs d\u00e9mocratiques locaux dans les processus d\u00e9cisionnels de l\u2019UE.<\/p>\n<p>\ud83d\udd39 <strong>Cr\u00e9er des ponts entre les Balkans occidentaux et l\u2019UE<\/strong> \u2013 Faciliter la coop\u00e9ration entre la soci\u00e9t\u00e9 civile r\u00e9gionale et les institutions europ\u00e9ennes pour faire entendre les perspectives locales et influencer les d\u00e9bats politiques.<\/p>\n<p>\ud83d\udd39 <strong>Produire des supports de plaidoyer de qualit\u00e9<\/strong> \u2013 R\u00e9diger des notes strat\u00e9giques, des rapports, des analyses politiques et des d\u00e9clarations, transformant les recherches et expertises du terrain en recommandations concr\u00e8tes pour les d\u00e9cideurs de l\u2019UE.<\/p>\n<p>\ud83d\udd39 <strong>Soutenir la croissance et la p\u00e9rennit\u00e9 d\u2019EUCRTA<\/strong> \u2013 Contribuer au d\u00e9veloppement de projets, \u00e0 la recherche de financements et \u00e0 la r\u00e9daction de propositions de subventions pour renforcer l\u2019impact et les ressources de l\u2019organisation.<\/p>\n<h3><strong>Qualifications et comp\u00e9tences requises<\/strong><\/h3>\n<p>\ud83d\udd39 <strong>Excellente compr\u00e9hension de la Serbie, des Balkans occidentaux et des processus d\u00e9cisionnels de l\u2019UE<\/strong> \u2013 Ma\u00eetrise des institutions europ\u00e9ennes, des politiques en mati\u00e8re de d\u00e9mocratie et de gouvernance, et des dynamiques d\u2019\u00e9largissement.<\/p>\n<p>\ud83d\udd39 <strong>Exp\u00e9rience confirm\u00e9e en plaidoyer et en engagement politique<\/strong> \u2013 Exp\u00e9rience av\u00e9r\u00e9e en plaidoyer, recherche politique ou gestion de projets li\u00e9s \u00e0 la d\u00e9mocratie, l\u2019\u00c9tat de droit, l\u2019engagement citoyen ou la responsabilit\u00e9 institutionnelle.<\/p>\n<p>\ud83d\udd39 <strong>Excellentes comp\u00e9tences en communication et en r\u00e9daction<\/strong> \u2013 Capacit\u00e9 \u00e0 produire des analyses strat\u00e9giques et \u00e0 repr\u00e9senter EUCRTA dans des discussions publiques, des r\u00e9unions avec les parties prenantes et les m\u00e9dias.<\/p>\n<p>\ud83d\udd39 <strong>Ma\u00eetrise de plusieurs langues<\/strong> \u2013 Anglais et serbo-croate-bosnien courants (le fran\u00e7ais est un atout). Capacit\u00e9 \u00e0 communiquer des enjeux politiques complexes \u00e0 des publics vari\u00e9s.<\/p>\n<p>\ud83d\udd39 <strong>Esprit strat\u00e9gique et autonomie dans la r\u00e9solution de probl\u00e8mes<\/strong> \u2013 Capacit\u00e9 \u00e0 \u00e9laborer et mettre en \u0153uvre des strat\u00e9gies de plaidoyer, \u00e0 naviguer dans des dynamiques politiques complexes et \u00e0 identifier des opportunit\u00e9s pour renforcer les r\u00e9formes d\u00e9mocratiques.<\/p>\n<p>\ud83d\udd39 <strong>Exp\u00e9rience en engagement des parties prenantes<\/strong> \u2013 Solide exp\u00e9rience de travail avec les institutions europ\u00e9ennes, la soci\u00e9t\u00e9 civile, les think tanks, les m\u00e9dias et les organisations internationales, avec une capacit\u00e9 \u00e0 b\u00e2tir des coalitions et \u00e0 favoriser la coop\u00e9ration.<\/p>\n<h3><strong>Atouts suppl\u00e9mentaires<\/strong><\/h3>\n<p>\u2714\ufe0f Ma\u00eetrise du fran\u00e7ais ou du n\u00e9erlandais<br \/>\n\u2714\ufe0f Exp\u00e9rience avec des outils technologiques (gestion de projets, logiciels RH et finances)<br \/>\n\u2714\ufe0f Familiarit\u00e9 avec le contexte politique en Serbie et dans les Balkans occidentaux<br \/>\n\u2714\ufe0f Exp\u00e9rience en recherche de financements, gestion de subventions et relations avec les donateurs<\/p>\n<h3><strong>Conditions l\u00e9gales et exigences de localisation<\/strong><\/h3>\n<p>\u26a0\ufe0f Pour des raisons administratives, les candidats doivent <strong>avoir le droit de travailler en Belgique<\/strong> (pr\u00e9f\u00e9rence pour les ressortissants belges ou les r\u00e9sidents permanents capables de g\u00e9rer les d\u00e9marches administratives locales, car nous ne pouvons pas fournir de parrainage de visa).<br \/>\n\u2708\ufe0f Disponibilit\u00e9 pour des d\u00e9placements occasionnels en Belgique pour des r\u00e9unions ou \u00e9v\u00e9nements.<\/p>\n<h3><strong>Comment postuler ?<\/strong><\/h3>\n<p>Envoyez votre <strong>CV et une lettre de motivation (max. 1 page)<\/strong> \u00e0 <strong>office@eucrta.eu<\/strong> avant le <strong>14 mars 2025<\/strong>. <strong>Merci d\u2019indiquer l\u2019intitul\u00e9 du poste dans l\u2019objet de votre e-mail.<\/strong><\/p>\n<p>\ud83d\udce9 Pour toute question, contactez-nous \u00e0 <strong>office@eucrta.eu<\/strong>.<\/p>\n<p>Nous avons h\u00e2te de recevoir vos candidatures ! \ud83d\ude80<\/p>\n<p>&nbsp;<\/p>\n<p>&nbsp;<\/p>\n<p>&nbsp;<\/p>\n<p>&nbsp;<\/p>\n","protected":false},"excerpt":{"rendered":"<p>Responsable Plaidoyer \ud83d\udccd Lieu : Bruxelles, Belgique \ud83d\udcd1 Type de contrat : Contrat de consultance avec possibilit\u00e9 de titularisation Principales responsabilit\u00e9s \ud83d\udd39 D\u00e9velopper et mettre en \u0153uvre la strat\u00e9gie de plaidoyer d\u2019EUCRTA \u2013 Concevoir des initiatives cibl\u00e9es pour renforcer la gouvernance d\u00e9mocratique, la transparence et l\u2019int\u00e9gration des Balkans occidentaux dans l\u2019UE. \ud83d\udd39 \u00c9tablir et entretenir [&hellip;]<\/p>\n","protected":false},"author":1,"featured_media":4428,"comment_status":"closed","ping_status":"open","sticky":false,"template":"","format":"standard","meta":{"footnotes":""},"categories":[47],"tags":[],"class_list":["post-4449","post","type-post","status-publish","format-standard","has-post-thumbnail","hentry","category-impliquez-vous"],"yoast_head":"<!-- This site is optimized with the Yoast SEO plugin v27.4 - https:\/\/yoast.com\/product\/yoast-seo-wordpress\/ -->\n<title>Offre d&#039;emploi: Responsable Plaidoyer - EUCRTA<\/title>\n<meta name=\"robots\" content=\"index, follow, max-snippet:-1, max-image-preview:large, max-video-preview:-1\" \/>\n<link rel=\"canonical\" href=\"https:\/\/eucrta.eu\/get-involved\/job-opening-advocacy-manager\/\" \/>\n<meta property=\"og:locale\" content=\"fr_FR\" \/>\n<meta property=\"og:type\" content=\"article\" \/>\n<meta property=\"og:title\" content=\"Offre d&#039;emploi: Responsable Plaidoyer - EUCRTA\" \/>\n<meta property=\"og:description\" content=\"Responsable Plaidoyer \ud83d\udccd Lieu : Bruxelles, Belgique \ud83d\udcd1 Type de contrat : Contrat de consultance avec possibilit\u00e9 de titularisation Principales responsabilit\u00e9s \ud83d\udd39 D\u00e9velopper et mettre en \u0153uvre la strat\u00e9gie de plaidoyer d\u2019EUCRTA \u2013 Concevoir des initiatives cibl\u00e9es pour renforcer la gouvernance d\u00e9mocratique, la transparence et l\u2019int\u00e9gration des Balkans occidentaux dans l\u2019UE. \ud83d\udd39 \u00c9tablir et entretenir [&hellip;]\" \/>\n<meta property=\"og:url\" content=\"https:\/\/eucrta.eu\/get-involved\/job-opening-advocacy-manager\/\" \/>\n<meta property=\"og:site_name\" content=\"EUCRTA\" \/>\n<meta property=\"article:published_time\" content=\"2025-02-16T19:28:15+00:00\" \/>\n<meta property=\"article:modified_time\" content=\"2025-03-12T11:47:50+00:00\" \/>\n<meta property=\"og:image\" content=\"https:\/\/eucrta.eu\/wp-content\/uploads\/2025\/02\/DALL\u00b7E-2025-02-16-20.27.41-A-professional-and-modern-graphic-illustration-representing-career-opportunities.-The-image-features-abstract-yet-recognizable-symbols-of-recruitment_.webp\" \/>\n\t<meta property=\"og:image:width\" content=\"1792\" \/>\n\t<meta property=\"og:image:height\" content=\"1024\" \/>\n\t<meta property=\"og:image:type\" content=\"image\/webp\" \/>\n<meta name=\"author\" content=\"admin\" \/>\n<meta name=\"twitter:card\" content=\"summary_large_image\" \/>\n<meta name=\"twitter:label1\" content=\"\u00c9crit par\" \/>\n\t<meta name=\"twitter:data1\" content=\"admin\" \/>\n\t<meta name=\"twitter:label2\" content=\"Dur\u00e9e de lecture estim\u00e9e\" \/>\n\t<meta name=\"twitter:data2\" content=\"3 minutes\" \/>\n<script type=\"application\/ld+json\" class=\"yoast-schema-graph\">{\"@context\":\"https:\\\/\\\/schema.org\",\"@graph\":[{\"@type\":\"Article\",\"@id\":\"https:\\\/\\\/eucrta.eu\\\/get-involved\\\/job-opening-advocacy-manager\\\/#article\",\"isPartOf\":{\"@id\":\"https:\\\/\\\/eucrta.eu\\\/get-involved\\\/job-opening-advocacy-manager\\\/\"},\"author\":{\"name\":\"admin\",\"@id\":\"https:\\\/\\\/eucrta.eu\\\/#\\\/schema\\\/person\\\/269f925a0eb6b79af0e080512cea6762\"},\"headline\":\"Offre d&#8217;emploi: Responsable Plaidoyer\",\"datePublished\":\"2025-02-16T19:28:15+00:00\",\"dateModified\":\"2025-03-12T11:47:50+00:00\",\"mainEntityOfPage\":{\"@id\":\"https:\\\/\\\/eucrta.eu\\\/get-involved\\\/job-opening-advocacy-manager\\\/\"},\"wordCount\":685,\"image\":{\"@id\":\"https:\\\/\\\/eucrta.eu\\\/get-involved\\\/job-opening-advocacy-manager\\\/#primaryimage\"},\"thumbnailUrl\":\"https:\\\/\\\/eucrta.eu\\\/wp-content\\\/uploads\\\/2025\\\/02\\\/DALL\u00b7E-2025-02-16-20.27.41-A-professional-and-modern-graphic-illustration-representing-career-opportunities.-The-image-features-abstract-yet-recognizable-symbols-of-recruitment_.webp\",\"articleSection\":[\"Impliquez-vous\"],\"inLanguage\":\"fr-FR\"},{\"@type\":\"WebPage\",\"@id\":\"https:\\\/\\\/eucrta.eu\\\/get-involved\\\/job-opening-advocacy-manager\\\/\",\"url\":\"https:\\\/\\\/eucrta.eu\\\/get-involved\\\/job-opening-advocacy-manager\\\/\",\"name\":\"Offre d'emploi: Responsable Plaidoyer - EUCRTA\",\"isPartOf\":{\"@id\":\"https:\\\/\\\/eucrta.eu\\\/#website\"},\"primaryImageOfPage\":{\"@id\":\"https:\\\/\\\/eucrta.eu\\\/get-involved\\\/job-opening-advocacy-manager\\\/#primaryimage\"},\"image\":{\"@id\":\"https:\\\/\\\/eucrta.eu\\\/get-involved\\\/job-opening-advocacy-manager\\\/#primaryimage\"},\"thumbnailUrl\":\"https:\\\/\\\/eucrta.eu\\\/wp-content\\\/uploads\\\/2025\\\/02\\\/DALL\u00b7E-2025-02-16-20.27.41-A-professional-and-modern-graphic-illustration-representing-career-opportunities.-The-image-features-abstract-yet-recognizable-symbols-of-recruitment_.webp\",\"datePublished\":\"2025-02-16T19:28:15+00:00\",\"dateModified\":\"2025-03-12T11:47:50+00:00\",\"author\":{\"@id\":\"https:\\\/\\\/eucrta.eu\\\/#\\\/schema\\\/person\\\/269f925a0eb6b79af0e080512cea6762\"},\"breadcrumb\":{\"@id\":\"https:\\\/\\\/eucrta.eu\\\/get-involved\\\/job-opening-advocacy-manager\\\/#breadcrumb\"},\"inLanguage\":\"fr-FR\",\"potentialAction\":[{\"@type\":\"ReadAction\",\"target\":[\"https:\\\/\\\/eucrta.eu\\\/get-involved\\\/job-opening-advocacy-manager\\\/\"]}]},{\"@type\":\"ImageObject\",\"inLanguage\":\"fr-FR\",\"@id\":\"https:\\\/\\\/eucrta.eu\\\/get-involved\\\/job-opening-advocacy-manager\\\/#primaryimage\",\"url\":\"https:\\\/\\\/eucrta.eu\\\/wp-content\\\/uploads\\\/2025\\\/02\\\/DALL\u00b7E-2025-02-16-20.27.41-A-professional-and-modern-graphic-illustration-representing-career-opportunities.-The-image-features-abstract-yet-recognizable-symbols-of-recruitment_.webp\",\"contentUrl\":\"https:\\\/\\\/eucrta.eu\\\/wp-content\\\/uploads\\\/2025\\\/02\\\/DALL\u00b7E-2025-02-16-20.27.41-A-professional-and-modern-graphic-illustration-representing-career-opportunities.-The-image-features-abstract-yet-recognizable-symbols-of-recruitment_.webp\",\"width\":1792,\"height\":1024},{\"@type\":\"BreadcrumbList\",\"@id\":\"https:\\\/\\\/eucrta.eu\\\/get-involved\\\/job-opening-advocacy-manager\\\/#breadcrumb\",\"itemListElement\":[{\"@type\":\"ListItem\",\"position\":1,\"name\":\"Home\",\"item\":\"https:\\\/\\\/eucrta.eu\\\/\"},{\"@type\":\"ListItem\",\"position\":2,\"name\":\"Offre d&#8217;emploi: Responsable Plaidoyer\"}]},{\"@type\":\"WebSite\",\"@id\":\"https:\\\/\\\/eucrta.eu\\\/#website\",\"url\":\"https:\\\/\\\/eucrta.eu\\\/\",\"name\":\"EUCRTA\",\"description\":\"\",\"potentialAction\":[{\"@type\":\"SearchAction\",\"target\":{\"@type\":\"EntryPoint\",\"urlTemplate\":\"https:\\\/\\\/eucrta.eu\\\/?s={search_term_string}\"},\"query-input\":{\"@type\":\"PropertyValueSpecification\",\"valueRequired\":true,\"valueName\":\"search_term_string\"}}],\"inLanguage\":\"fr-FR\"},{\"@type\":\"Person\",\"@id\":\"https:\\\/\\\/eucrta.eu\\\/#\\\/schema\\\/person\\\/269f925a0eb6b79af0e080512cea6762\",\"name\":\"admin\",\"sameAs\":[\"http:\\\/\\\/127.0.0.1\\\/acrta\\\/eu\"],\"url\":\"https:\\\/\\\/eucrta.eu\\\/fr\\\/author\\\/admin\\\/\"}]}<\/script>\n<!-- \/ Yoast SEO plugin. -->","yoast_head_json":{"title":"Offre d'emploi: Responsable Plaidoyer - EUCRTA","robots":{"index":"index","follow":"follow","max-snippet":"max-snippet:-1","max-image-preview":"max-image-preview:large","max-video-preview":"max-video-preview:-1"},"canonical":"https:\/\/eucrta.eu\/get-involved\/job-opening-advocacy-manager\/","og_locale":"fr_FR","og_type":"article","og_title":"Offre d'emploi: Responsable Plaidoyer - EUCRTA","og_description":"Responsable Plaidoyer \ud83d\udccd Lieu : Bruxelles, Belgique \ud83d\udcd1 Type de contrat : Contrat de consultance avec possibilit\u00e9 de titularisation Principales responsabilit\u00e9s \ud83d\udd39 D\u00e9velopper et mettre en \u0153uvre la strat\u00e9gie de plaidoyer d\u2019EUCRTA \u2013 Concevoir des initiatives cibl\u00e9es pour renforcer la gouvernance d\u00e9mocratique, la transparence et l\u2019int\u00e9gration des Balkans occidentaux dans l\u2019UE. \ud83d\udd39 \u00c9tablir et entretenir [&hellip;]","og_url":"https:\/\/eucrta.eu\/get-involved\/job-opening-advocacy-manager\/","og_site_name":"EUCRTA","article_published_time":"2025-02-16T19:28:15+00:00","article_modified_time":"2025-03-12T11:47:50+00:00","og_image":[{"width":1792,"height":1024,"url":"https:\/\/eucrta.eu\/wp-content\/uploads\/2025\/02\/DALL\u00b7E-2025-02-16-20.27.41-A-professional-and-modern-graphic-illustration-representing-career-opportunities.-The-image-features-abstract-yet-recognizable-symbols-of-recruitment_.webp","type":"image\/webp"}],"author":"admin","twitter_card":"summary_large_image","twitter_misc":{"\u00c9crit par":"admin","Dur\u00e9e de lecture estim\u00e9e":"3 minutes"},"schema":{"@context":"https:\/\/schema.org","@graph":[{"@type":"Article","@id":"https:\/\/eucrta.eu\/get-involved\/job-opening-advocacy-manager\/#article","isPartOf":{"@id":"https:\/\/eucrta.eu\/get-involved\/job-opening-advocacy-manager\/"},"author":{"name":"admin","@id":"https:\/\/eucrta.eu\/#\/schema\/person\/269f925a0eb6b79af0e080512cea6762"},"headline":"Offre d&#8217;emploi: Responsable Plaidoyer","datePublished":"2025-02-16T19:28:15+00:00","dateModified":"2025-03-12T11:47:50+00:00","mainEntityOfPage":{"@id":"https:\/\/eucrta.eu\/get-involved\/job-opening-advocacy-manager\/"},"wordCount":685,"image":{"@id":"https:\/\/eucrta.eu\/get-involved\/job-opening-advocacy-manager\/#primaryimage"},"thumbnailUrl":"https:\/\/eucrta.eu\/wp-content\/uploads\/2025\/02\/DALL\u00b7E-2025-02-16-20.27.41-A-professional-and-modern-graphic-illustration-representing-career-opportunities.-The-image-features-abstract-yet-recognizable-symbols-of-recruitment_.webp","articleSection":["Impliquez-vous"],"inLanguage":"fr-FR"},{"@type":"WebPage","@id":"https:\/\/eucrta.eu\/get-involved\/job-opening-advocacy-manager\/","url":"https:\/\/eucrta.eu\/get-involved\/job-opening-advocacy-manager\/","name":"Offre d'emploi: Responsable Plaidoyer - EUCRTA","isPartOf":{"@id":"https:\/\/eucrta.eu\/#website"},"primaryImageOfPage":{"@id":"https:\/\/eucrta.eu\/get-involved\/job-opening-advocacy-manager\/#primaryimage"},"image":{"@id":"https:\/\/eucrta.eu\/get-involved\/job-opening-advocacy-manager\/#primaryimage"},"thumbnailUrl":"https:\/\/eucrta.eu\/wp-content\/uploads\/2025\/02\/DALL\u00b7E-2025-02-16-20.27.41-A-professional-and-modern-graphic-illustration-representing-career-opportunities.-The-image-features-abstract-yet-recognizable-symbols-of-recruitment_.webp","datePublished":"2025-02-16T19:28:15+00:00","dateModified":"2025-03-12T11:47:50+00:00","author":{"@id":"https:\/\/eucrta.eu\/#\/schema\/person\/269f925a0eb6b79af0e080512cea6762"},"breadcrumb":{"@id":"https:\/\/eucrta.eu\/get-involved\/job-opening-advocacy-manager\/#breadcrumb"},"inLanguage":"fr-FR","potentialAction":[{"@type":"ReadAction","target":["https:\/\/eucrta.eu\/get-involved\/job-opening-advocacy-manager\/"]}]},{"@type":"ImageObject","inLanguage":"fr-FR","@id":"https:\/\/eucrta.eu\/get-involved\/job-opening-advocacy-manager\/#primaryimage","url":"https:\/\/eucrta.eu\/wp-content\/uploads\/2025\/02\/DALL\u00b7E-2025-02-16-20.27.41-A-professional-and-modern-graphic-illustration-representing-career-opportunities.-The-image-features-abstract-yet-recognizable-symbols-of-recruitment_.webp","contentUrl":"https:\/\/eucrta.eu\/wp-content\/uploads\/2025\/02\/DALL\u00b7E-2025-02-16-20.27.41-A-professional-and-modern-graphic-illustration-representing-career-opportunities.-The-image-features-abstract-yet-recognizable-symbols-of-recruitment_.webp","width":1792,"height":1024},{"@type":"BreadcrumbList","@id":"https:\/\/eucrta.eu\/get-involved\/job-opening-advocacy-manager\/#breadcrumb","itemListElement":[{"@type":"ListItem","position":1,"name":"Home","item":"https:\/\/eucrta.eu\/"},{"@type":"ListItem","position":2,"name":"Offre d&#8217;emploi: Responsable Plaidoyer"}]},{"@type":"WebSite","@id":"https:\/\/eucrta.eu\/#website","url":"https:\/\/eucrta.eu\/","name":"EUCRTA","description":"","potentialAction":[{"@type":"SearchAction","target":{"@type":"EntryPoint","urlTemplate":"https:\/\/eucrta.eu\/?s={search_term_string}"},"query-input":{"@type":"PropertyValueSpecification","valueRequired":true,"valueName":"search_term_string"}}],"inLanguage":"fr-FR"},{"@type":"Person","@id":"https:\/\/eucrta.eu\/#\/schema\/person\/269f925a0eb6b79af0e080512cea6762","name":"admin","sameAs":["http:\/\/127.0.0.1\/acrta\/eu"],"url":"https:\/\/eucrta.eu\/fr\/author\/admin\/"}]}},"_links":{"self":[{"href":"https:\/\/eucrta.eu\/fr\/wp-json\/wp\/v2\/posts\/4449","targetHints":{"allow":["GET"]}}],"collection":[{"href":"https:\/\/eucrta.eu\/fr\/wp-json\/wp\/v2\/posts"}],"about":[{"href":"https:\/\/eucrta.eu\/fr\/wp-json\/wp\/v2\/types\/post"}],"author":[{"embeddable":true,"href":"https:\/\/eucrta.eu\/fr\/wp-json\/wp\/v2\/users\/1"}],"replies":[{"embeddable":true,"href":"https:\/\/eucrta.eu\/fr\/wp-json\/wp\/v2\/comments?post=4449"}],"version-history":[{"count":1,"href":"https:\/\/eucrta.eu\/fr\/wp-json\/wp\/v2\/posts\/4449\/revisions"}],"predecessor-version":[{"id":4450,"href":"https:\/\/eucrta.eu\/fr\/wp-json\/wp\/v2\/posts\/4449\/revisions\/4450"}],"wp:featuredmedia":[{"embeddable":true,"href":"https:\/\/eucrta.eu\/fr\/wp-json\/wp\/v2\/media\/4428"}],"wp:attachment":[{"href":"https:\/\/eucrta.eu\/fr\/wp-json\/wp\/v2\/media?parent=4449"}],"wp:term":[{"taxonomy":"category","embeddable":true,"href":"https:\/\/eucrta.eu\/fr\/wp-json\/wp\/v2\/categories?post=4449"},{"taxonomy":"post_tag","embeddable":true,"href":"https:\/\/eucrta.eu\/fr\/wp-json\/wp\/v2\/tags?post=4449"}],"curies":[{"name":"wp","href":"https:\/\/api.w.org\/{rel}","templated":true}]}}